{"id":4655,"date":"2024-04-22T12:35:10","date_gmt":"2024-04-22T10:35:10","guid":{"rendered":"https:\/\/lilla.sellei.hu\/foto\/?p=4655"},"modified":"2024-04-22T12:35:10","modified_gmt":"2024-04-22T10:35:10","slug":"bmx-verseny-2024","status":"publish","type":"post","link":"https:\/\/lilla.sellei.hu\/foto\/2024\/04\/22\/bmx-verseny-2024\/","title":{"rendered":"BMX verseny 2024"},"content":{"rendered":"\n<p class=\"has-text-align-center\"><em>A h\u00e9tv\u00e9g\u00e9n a Sport Zone veresegyh\u00e1zi b\u00e1zisa adott otthont az Orsz\u00e1gos BMX Flatland Bajnoks\u00e1g els\u0151 fordul\u00f3j\u00e1nak. Nemcsak verseny, de k\u00f6z\u00f6ss\u00e9g\u00e9p\u00edt\u0151 program is volt a Sport Zone SE gyerekeinek \u00e9s a sz\u00fcl\u0151knek. Err\u0151l k\u00e9sz\u00edtettem p\u00e1r hangulatfot\u00f3t.<\/em><\/p>\n\n\n\nngg_shortcode_0_placeholder\n","protected":false},"excerpt":{"rendered":"<p>A h\u00e9tv\u00e9g\u00e9n a Sport Zone veresegyh\u00e1zi b\u00e1zisa adott otthont az Orsz\u00e1gos BMX Flatland Bajnoks\u00e1g els\u0151 fordul\u00f3j\u00e1nak. Nemcsak verseny, de k\u00f6z\u00f6ss\u00e9g\u00e9p\u00edt\u0151 program is volt a Sport Zone SE gyerekeinek \u00e9s a [&hellip;]<\/p>\n","protected":false},"author":2,"featured_media":4678,"comment_status":"closed","ping_status":"open","sticky":false,"template":"","format":"standard","meta":{"ngg_post_thumbnail":0,"footnotes":""},"categories":[5],"tags":[98,99,97],"class_list":["post-4655","post","type-post","status-publish","format-standard","has-post-thumbnail","hentry","category-fotosorozatok","tag-kozosseg","tag-rendezveny","tag-verseny"],"_links":{"self":[{"href":"https:\/\/lilla.sellei.hu\/foto\/wp-json\/wp\/v2\/posts\/4655","targetHints":{"allow":["GET"]}}],"collection":[{"href":"https:\/\/lilla.sellei.hu\/foto\/wp-json\/wp\/v2\/posts"}],"about":[{"href":"https:\/\/lilla.sellei.hu\/foto\/wp-json\/wp\/v2\/types\/post"}],"author":[{"embeddable":true,"href":"https:\/\/lilla.sellei.hu\/foto\/wp-json\/wp\/v2\/users\/2"}],"replies":[{"embeddable":true,"href":"https:\/\/lilla.sellei.hu\/foto\/wp-json\/wp\/v2\/comments?post=4655"}],"version-history":[{"count":2,"href":"https:\/\/lilla.sellei.hu\/foto\/wp-json\/wp\/v2\/posts\/4655\/revisions"}],"predecessor-version":[{"id":4706,"href":"https:\/\/lilla.sellei.hu\/foto\/wp-json\/wp\/v2\/posts\/4655\/revisions\/4706"}],"wp:featuredmedia":[{"embeddable":true,"href":"https:\/\/lilla.sellei.hu\/foto\/wp-json\/wp\/v2\/media\/4678"}],"wp:attachment":[{"href":"https:\/\/lilla.sellei.hu\/foto\/wp-json\/wp\/v2\/media?parent=4655"}],"wp:term":[{"taxonomy":"category","embeddable":true,"href":"https:\/\/lilla.sellei.hu\/foto\/wp-json\/wp\/v2\/categories?post=4655"},{"taxonomy":"post_tag","embeddable":true,"href":"https:\/\/lilla.sellei.hu\/foto\/wp-json\/wp\/v2\/tags?post=4655"}],"curies":[{"name":"wp","href":"https:\/\/api.w.org\/{rel}","templated":true}]}}